{"id":3908,"date":"2025-07-17T19:31:32","date_gmt":"2025-07-17T19:31:32","guid":{"rendered":"https:\/\/axsonjohnsonfoundation.org\/?post_type=news&#038;p=3908"},"modified":"2025-07-18T07:31:30","modified_gmt":"2025-07-18T07:31:30","slug":"per-svensson-har-gatt-bort-en-liberal-rost-har-tystnat","status":"publish","type":"news","link":"https:\/\/axsonjohnsonfoundation.org\/sv\/news\/per-svensson-har-gatt-bort-en-liberal-rost-har-tystnat\/","title":{"rendered":"Per Svensson har g\u00e5tt bort \u2013 en liberal r\u00f6st har tystnat"},"content":{"rendered":"\n<div class=\"section-x-padding\">\n    <p class=\"body-xl section-inner-width mx-auto my-8\">\n        V\u00e4nnen Per Svensson har g\u00e5tt bort och d\u00e4rmed har ocks\u00e5 en viktigt liberal r\u00f6st tystnat.  Vi b\u00f6rjade samarbeta tidigt och han var en \u00e5terkommande medarbetare i b\u00e5de Axess Magasine och TV och g\u00e4st p\u00e5 v\u00e5ra seminarier genom \u00e5ren.    <\/p>\n<\/div>\n\n\n<div class=\"section-x-padding\">\n    <div class=\"wysiwyg section-inner-width mx-auto my-8\">\n        <p style=\"font-weight: 400;\">N\u00e4r Axess TV startade inleddes ett samarbete med Per och vi gjorde <em>Kulturexpressen<\/em> i Axess-TV. Pers bidrag i Axess Magasine och Axess TV kan man s\u00f6ka och finna p\u00e5 <a href=\"https:\/\/www.axess.se\/\">Axess.se<\/a><\/p>\n<p style=\"font-weight: 400;\">Han medverkade senast i serien <em>Luthersson l\u00e4ser v\u00e4rldslitteraturen <\/em>som kan ses <a href=\"https:\/\/www.axess.se\/tv\/luthersson-laser-varldslitteraturen\/om-po-sundman-med-per-svensson\/\"><u>h\u00e4r.<\/u><\/a><\/p>\n<p style=\"font-weight: 400;\">Per erh\u00f6ll \u00e4ven stipendium fr\u00e5n v\u00e5r stiftelse och finansierade hans Augustvinnande biografi \u00f6ver Anders Zorn. Senast vi tr\u00e4ffades talade vi om att han skulle komma till stiftelsen f\u00f6r att ber\u00e4tta om Anders Zorn. Men s\u00e5 blev det aldrig. Per ryktes bort alldeles f\u00f6r tidigt.<\/p>\n<p style=\"font-weight: 400;\">Kurt Almqvist<br \/>\nVD<\/p>\n    <\/div>\n<\/div>","protected":false},"author":8,"parent":0,"menu_order":0,"template":"","news_category":[],"class_list":["post-3908","news","type-news","status-publish","hentry"],"acf":[],"yoast_head":"<!-- This site is optimized with the Yoast SEO plugin v27.4 - https:\/\/yoast.com\/product\/yoast-seo-wordpress\/ -->\n<title>Per Svensson har g\u00e5tt bort \u2013 en liberal r\u00f6st har tystnat - Axel and Margaret Ax:son Johnson Foundation for public benefit<\/title>\n<meta name=\"robots\" content=\"index, follow, max-snippet:-1, max-image-preview:large, max-video-preview:-1\" \/>\n<link rel=\"canonical\" href=\"https:\/\/axsonjohnsonfoundation.org\/sv\/news\/per-svensson-har-gatt-bort-en-liberal-rost-har-tystnat\/\" \/>\n<meta property=\"og:locale\" content=\"sv_SE\" \/>\n<meta property=\"og:type\" content=\"article\" \/>\n<meta property=\"og:title\" content=\"Per Svensson har g\u00e5tt bort \u2013 en liberal r\u00f6st har tystnat - Axel and Margaret Ax:son Johnson Foundation for public benefit\" \/>\n<meta property=\"og:url\" content=\"https:\/\/axsonjohnsonfoundation.org\/sv\/news\/per-svensson-har-gatt-bort-en-liberal-rost-har-tystnat\/\" \/>\n<meta property=\"og:site_name\" content=\"Axel and Margaret Ax:son Johnson Foundation for public benefit\" \/>\n<meta property=\"article:modified_time\" content=\"2025-07-18T07:31:30+00:00\" \/>\n<meta property=\"og:image\" content=\"https:\/\/axsonjohnsonfoundation.org\/wp-content\/uploads\/2022\/05\/big-placeholder-people-1.jpeg\" \/>\n\t<meta property=\"og:image:width\" content=\"1088\" \/>\n\t<meta property=\"og:image:height\" content=\"612\" \/>\n\t<meta property=\"og:image:type\" content=\"image\/jpeg\" \/>\n<meta name=\"twitter:card\" content=\"summary_large_image\" \/>\n<script type=\"application\/ld+json\" class=\"yoast-schema-graph\">{\"@context\":\"https:\\\/\\\/schema.org\",\"@graph\":[{\"@type\":\"WebPage\",\"@id\":\"https:\\\/\\\/axsonjohnsonfoundation.org\\\/sv\\\/news\\\/per-svensson-har-gatt-bort-en-liberal-rost-har-tystnat\\\/\",\"url\":\"https:\\\/\\\/axsonjohnsonfoundation.org\\\/sv\\\/news\\\/per-svensson-har-gatt-bort-en-liberal-rost-har-tystnat\\\/\",\"name\":\"Per Svensson har g\u00e5tt bort \u2013 en liberal r\u00f6st har tystnat - Axel and Margaret Ax:son Johnson Foundation for public benefit\",\"isPartOf\":{\"@id\":\"https:\\\/\\\/axsonjohnsonfoundation.org\\\/sv\\\/#website\"},\"datePublished\":\"2025-07-17T19:31:32+00:00\",\"dateModified\":\"2025-07-18T07:31:30+00:00\",\"breadcrumb\":{\"@id\":\"https:\\\/\\\/axsonjohnsonfoundation.org\\\/sv\\\/news\\\/per-svensson-har-gatt-bort-en-liberal-rost-har-tystnat\\\/#breadcrumb\"},\"inLanguage\":\"sv-SE\",\"potentialAction\":[{\"@type\":\"ReadAction\",\"target\":[\"https:\\\/\\\/axsonjohnsonfoundation.org\\\/sv\\\/news\\\/per-svensson-har-gatt-bort-en-liberal-rost-har-tystnat\\\/\"]}]},{\"@type\":\"BreadcrumbList\",\"@id\":\"https:\\\/\\\/axsonjohnsonfoundation.org\\\/sv\\\/news\\\/per-svensson-har-gatt-bort-en-liberal-rost-har-tystnat\\\/#breadcrumb\",\"itemListElement\":[{\"@type\":\"ListItem\",\"position\":1,\"name\":\"Start\",\"item\":\"\\\/sv\\\/\"},{\"@type\":\"ListItem\",\"position\":2,\"name\":\"Nyheter\",\"item\":\"\\\/sv\\\/nyheter\"},{\"@type\":\"ListItem\",\"position\":3,\"name\":\"Per Svensson har g\u00e5tt bort \u2013 en liberal r\u00f6st har tystnat\"}]},{\"@type\":\"WebSite\",\"@id\":\"https:\\\/\\\/axsonjohnsonfoundation.org\\\/sv\\\/#website\",\"url\":\"https:\\\/\\\/axsonjohnsonfoundation.org\\\/sv\\\/\",\"name\":\"Axel and Margaret Ax:son Johnson Foundation for public benefit\",\"description\":\"Promoting scientific and scholarly research\",\"potentialAction\":[{\"@type\":\"SearchAction\",\"target\":{\"@type\":\"EntryPoint\",\"urlTemplate\":\"https:\\\/\\\/axsonjohnsonfoundation.org\\\/sv\\\/?s={search_term_string}\"},\"query-input\":{\"@type\":\"PropertyValueSpecification\",\"valueRequired\":true,\"valueName\":\"search_term_string\"}}],\"inLanguage\":\"sv-SE\"}]}<\/script>\n<!-- \/ Yoast SEO plugin. -->","yoast_head_json":{"title":"Per Svensson har g\u00e5tt bort \u2013 en liberal r\u00f6st har tystnat - Axel and Margaret Ax:son Johnson Foundation for public benefit","robots":{"index":"index","follow":"follow","max-snippet":"max-snippet:-1","max-image-preview":"max-image-preview:large","max-video-preview":"max-video-preview:-1"},"canonical":"https:\/\/axsonjohnsonfoundation.org\/sv\/news\/per-svensson-har-gatt-bort-en-liberal-rost-har-tystnat\/","og_locale":"sv_SE","og_type":"article","og_title":"Per Svensson har g\u00e5tt bort \u2013 en liberal r\u00f6st har tystnat - Axel and Margaret Ax:son Johnson Foundation for public benefit","og_url":"https:\/\/axsonjohnsonfoundation.org\/sv\/news\/per-svensson-har-gatt-bort-en-liberal-rost-har-tystnat\/","og_site_name":"Axel and Margaret Ax:son Johnson Foundation for public benefit","article_modified_time":"2025-07-18T07:31:30+00:00","og_image":[{"width":1088,"height":612,"url":"https:\/\/axsonjohnsonfoundation.org\/wp-content\/uploads\/2022\/05\/big-placeholder-people-1.jpeg","type":"image\/jpeg"}],"twitter_card":"summary_large_image","schema":{"@context":"https:\/\/schema.org","@graph":[{"@type":"WebPage","@id":"https:\/\/axsonjohnsonfoundation.org\/sv\/news\/per-svensson-har-gatt-bort-en-liberal-rost-har-tystnat\/","url":"https:\/\/axsonjohnsonfoundation.org\/sv\/news\/per-svensson-har-gatt-bort-en-liberal-rost-har-tystnat\/","name":"Per Svensson har g\u00e5tt bort \u2013 en liberal r\u00f6st har tystnat - Axel and Margaret Ax:son Johnson Foundation for public benefit","isPartOf":{"@id":"https:\/\/axsonjohnsonfoundation.org\/sv\/#website"},"datePublished":"2025-07-17T19:31:32+00:00","dateModified":"2025-07-18T07:31:30+00:00","breadcrumb":{"@id":"https:\/\/axsonjohnsonfoundation.org\/sv\/news\/per-svensson-har-gatt-bort-en-liberal-rost-har-tystnat\/#breadcrumb"},"inLanguage":"sv-SE","potentialAction":[{"@type":"ReadAction","target":["https:\/\/axsonjohnsonfoundation.org\/sv\/news\/per-svensson-har-gatt-bort-en-liberal-rost-har-tystnat\/"]}]},{"@type":"BreadcrumbList","@id":"https:\/\/axsonjohnsonfoundation.org\/sv\/news\/per-svensson-har-gatt-bort-en-liberal-rost-har-tystnat\/#breadcrumb","itemListElement":[{"@type":"ListItem","position":1,"name":"Start","item":"\/sv\/"},{"@type":"ListItem","position":2,"name":"Nyheter","item":"\/sv\/nyheter"},{"@type":"ListItem","position":3,"name":"Per Svensson har g\u00e5tt bort \u2013 en liberal r\u00f6st har tystnat"}]},{"@type":"WebSite","@id":"https:\/\/axsonjohnsonfoundation.org\/sv\/#website","url":"https:\/\/axsonjohnsonfoundation.org\/sv\/","name":"Axel and Margaret Ax:son Johnson Foundation for public benefit","description":"Promoting scientific and scholarly research","potentialAction":[{"@type":"SearchAction","target":{"@type":"EntryPoint","urlTemplate":"https:\/\/axsonjohnsonfoundation.org\/sv\/?s={search_term_string}"},"query-input":{"@type":"PropertyValueSpecification","valueRequired":true,"valueName":"search_term_string"}}],"inLanguage":"sv-SE"}]}},"_links":{"self":[{"href":"https:\/\/axsonjohnsonfoundation.org\/sv\/wp-json\/wp\/v2\/news\/3908","targetHints":{"allow":["GET"]}}],"collection":[{"href":"https:\/\/axsonjohnsonfoundation.org\/sv\/wp-json\/wp\/v2\/news"}],"about":[{"href":"https:\/\/axsonjohnsonfoundation.org\/sv\/wp-json\/wp\/v2\/types\/news"}],"author":[{"embeddable":true,"href":"https:\/\/axsonjohnsonfoundation.org\/sv\/wp-json\/wp\/v2\/users\/8"}],"wp:attachment":[{"href":"https:\/\/axsonjohnsonfoundation.org\/sv\/wp-json\/wp\/v2\/media?parent=3908"}],"wp:term":[{"taxonomy":"news_category","embeddable":true,"href":"https:\/\/axsonjohnsonfoundation.org\/sv\/wp-json\/wp\/v2\/news_category?post=3908"}],"curies":[{"name":"wp","href":"https:\/\/api.w.org\/{rel}","templated":true}]}}